{"id":116,"date":"2018-04-10T09:50:00","date_gmt":"2018-04-10T12:50:00","guid":{"rendered":"http:\/\/education-business.cyclonethemes.com\/?p=116"},"modified":"2021-05-10T09:48:06","modified_gmt":"2021-05-10T12:48:06","slug":"education-for-everyone","status":"publish","type":"post","link":"https:\/\/schoolastic-app.com\/en\/blog\/education-for-everyone\/","title":{"rendered":"Uma an\u00e1lise mais profunda sobre as compet\u00eancias da BNCC"},"content":{"rendered":"\n<p>Pela primeira vez o Brasil buscou uma base que define o conjunto de aprendizagens essenciais na qual todos os estudantes t\u00eam direito na Educa\u00e7\u00e3o B\u00e1sica.<\/p>\n\n\n\n<p>Pela primeira vez, realmente nos preocupamos com as&nbsp;<strong>habilidades e compet\u00eancias socioemocionais<\/strong>&nbsp;como fator de diferencia\u00e7\u00e3o na forma\u00e7\u00e3o integral dos alunos.<\/p>\n\n\n\n<p>O s\u00e9culo XXI tem demandado novas abordagens do processo de aprendizagem, e cada vez mais, nossas crian\u00e7as e adolescentes v\u00e3o precisar aprender a colaborar, a exercitar a criatividade, o pensamento cr\u00edtico, a solu\u00e7\u00e3o de problemas, a participa\u00e7\u00e3o cidad\u00e3, ser produtivo e respons\u00e1vel.<\/p>\n\n\n\n<p>A&nbsp;<strong>Base Nacional Comum Curricular<\/strong>&nbsp;\u00e9 onde gostar\u00edamos de chegar e os curr\u00edculos s\u00e3o o caminho a ser percorrido. A Base ser\u00e1 refer\u00eancia obrigat\u00f3ria para a elabora\u00e7\u00e3o dos curr\u00edculos nos estados, nos munic\u00edpios, na rede federal e nas escolas particulares.&nbsp;A Base n\u00e3o impede que escolas e redes de ensino diversifiquem seus curr\u00edculos, acrescentando conte\u00fados e compet\u00eancias n\u00e3o previstos na Base. O mesmo vale para contextualiza\u00e7\u00f5es regionais, que tendem a variar de uma Unidade da Federa\u00e7\u00e3o para outra e estas s\u00e3o bem-vindas.<\/p>\n\n\n\n<p><b>As 10 Compet\u00eancias gerais que todo aluno deve desenvolver:<\/b><\/p>\n\n\n\n<p>Valorizar e utilizar os conhecimentos historicamente constru\u00eddos sobre o mundo f\u00edsico, social e cultural para entender e explicar a realidade, colaborando para a constru\u00e7\u00e3o de uma sociedade solid\u00e1ria;<\/p>\n\n\n\n<p>Exercitar a curiosidade intelectual e recorrer \u00e0 abordagem pr\u00f3pria das ci\u00eancias para investigar causas, elaborar e testar hip\u00f3teses, formular e resolver problemas e inventar solu\u00e7\u00f5es;<\/p>\n\n\n\n<p>Desenvolver o senso est\u00e9tico para reconhecer, valorizar e fruir as diversas manifesta\u00e7\u00f5es art\u00edsticas e culturais;<\/p>\n\n\n\n<p>Utilizar conhecimentos das linguagens: verbal, matem\u00e1tica, cient\u00edfica, tecnol\u00f3gica e digital para expressar-se e partilhar informa\u00e7\u00f5es, experi\u00eancias, ideias e sentimentos;<\/p>\n\n\n\n<p>Utilizar tecnologias digitais de comunica\u00e7\u00e3o e informa\u00e7\u00e3o de forma cr\u00edtica ao se comunicar, acessar e disseminar informa\u00e7\u00f5es, produzir conhecimentos e resolver problemas.<\/p>\n\n\n\n<p>Valorizar a diversidade de saberes e viv\u00eancias culturais e apropriar-se de conhecimentos e experi\u00eancias que lhe possibilitem entender as rela\u00e7\u00f5es pr\u00f3prias do mundo do trabalho e fazer escolhas alinhadas ao seu projeto de vida;<\/p>\n\n\n\n<p>Argumentar com base em fatos, dados e informa\u00e7\u00f5es confi\u00e1veis, para formular, negociar e defender ideias com posicionamento \u00e9tico em rela\u00e7\u00e3o ao cuidado de si mesmo, dos outros e do planeta;<\/p>\n\n\n\n<p>Conhecer-se, apreciar-se e cuidar de sua sa\u00fade f\u00edsica e emocional, reconhecendo suas emo\u00e7\u00f5es e as dos outros, com autocr\u00edtica e capacidade para lidar com elas e com a press\u00e3o do grupo;<\/p>\n\n\n\n<p>Exercitar a empatia, o di\u00e1logo, a resolu\u00e7\u00e3o de conflitos e a coopera\u00e7\u00e3o, fazendo-se respeitar e promovendo o respeito ao outro, com acolhimento e valoriza\u00e7\u00e3o da diversidade de indiv\u00edduos e de grupos sociais, seus saberes, identidades, culturas e potencialidades, sem preconceitos;<\/p>\n\n\n\n<p>Agir pessoal e coletivamente com autonomia, responsabilidade, flexibilidade, resili\u00eancia e determina\u00e7\u00e3o, tomando decis\u00f5es, com base nos conhecimentos constru\u00eddos na escola, segundo princ\u00edpios \u00e9ticos democr\u00e1ticos, inclusivos, sustent\u00e1veis e solid\u00e1rios.<\/p>\n\n\n\n<p>Sem d\u00favidas, as compet\u00eancias socioemocionais citadas nos itens 8, 9 e 10 s\u00e3o expl\u00edcitas como balizador para as escolas compreenderem a import\u00e2ncia e as diferen\u00e7as que essas habilidades proporcionam ao longo do desenvolvimento do estudante.<\/p>\n","protected":false},"excerpt":{"rendered":"<p>Pela primeira vez o Brasil buscou uma base que define o conjunto de aprendizagens essenciais na qual todos os estudantes t\u00eam direito na Educa\u00e7\u00e3o B\u00e1sica. Pela primeira vez, realmente nos preocupamos com as&nbsp;habilidades e compet\u00eancias socioemocionais&nbsp;como fator de diferencia\u00e7\u00e3o na forma\u00e7\u00e3o integral dos alunos. O s\u00e9culo XXI tem demandado novas abordagens do processo de aprendizagem, e cada vez mais, nossas&#8230;<\/p>\n","protected":false},"author":1,"featured_media":1116,"comment_status":"closed","ping_status":"closed","sticky":false,"template":"","format":"standard","meta":{"_monsterinsights_skip_tracking":false,"_monsterinsights_sitenote_active":false,"_monsterinsights_sitenote_note":"","_monsterinsights_sitenote_category":0,"footnotes":""},"categories":[2],"tags":[],"class_list":["post-116","post","type-post","status-publish","format-standard","has-post-thumbnail","hentry","category-blog"],"translation":{"provider":"WPGlobus","version":"3.0.0","language":"en","enabled_languages":["br","en"],"languages":{"br":{"title":true,"content":true,"excerpt":false},"en":{"title":false,"content":false,"excerpt":false}}},"_links":{"self":[{"href":"https:\/\/schoolastic-app.com\/en\/wp-json\/wp\/v2\/posts\/116","targetHints":{"allow":["GET"]}}],"collection":[{"href":"https:\/\/schoolastic-app.com\/en\/wp-json\/wp\/v2\/posts"}],"about":[{"href":"https:\/\/schoolastic-app.com\/en\/wp-json\/wp\/v2\/types\/post"}],"author":[{"embeddable":true,"href":"https:\/\/schoolastic-app.com\/en\/wp-json\/wp\/v2\/users\/1"}],"replies":[{"embeddable":true,"href":"https:\/\/schoolastic-app.com\/en\/wp-json\/wp\/v2\/comments?post=116"}],"version-history":[{"count":0,"href":"https:\/\/schoolastic-app.com\/en\/wp-json\/wp\/v2\/posts\/116\/revisions"}],"wp:featuredmedia":[{"embeddable":true,"href":"https:\/\/schoolastic-app.com\/en\/wp-json\/wp\/v2\/media\/1116"}],"wp:attachment":[{"href":"https:\/\/schoolastic-app.com\/en\/wp-json\/wp\/v2\/media?parent=116"}],"wp:term":[{"taxonomy":"category","embeddable":true,"href":"https:\/\/schoolastic-app.com\/en\/wp-json\/wp\/v2\/categories?post=116"},{"taxonomy":"post_tag","embeddable":true,"href":"https:\/\/schoolastic-app.com\/en\/wp-json\/wp\/v2\/tags?post=116"}],"curies":[{"name":"wp","href":"https:\/\/api.w.org\/{rel}","templated":true}]}}